{"id":7459,"date":"2023-01-01T04:01:00","date_gmt":"2023-01-01T04:01:00","guid":{"rendered":"https:\/\/tikowi.ch\/?p=7459"},"modified":"2022-12-31T13:53:17","modified_gmt":"2022-12-31T13:53:17","slug":"zum-jahresanfang","status":"publish","type":"post","link":"https:\/\/tikowi.ch\/index.php\/2023\/01\/01\/zum-jahresanfang\/","title":{"rendered":"zum Jahresanfang"},"content":{"rendered":"\n<blockquote class=\"wp-block-quote is-style-plain is-layout-flow wp-block-quote-is-layout-flow\" style=\"font-style:normal;font-weight:600\"><p>\u00abVon guten M\u00e4chten treu und still umgeben, beh\u00fctet und getr\u00f6stet wunderbar, so will ich diese Tage mit euch leben und mit euch gehen in ein neues Jahr.<\/p><p>Von guten M\u00e4chten wunderbar geborgen, erwarten wir getrost, was kommen mag. Gott ist bei uns am Abend und am Morgen und ganz gewiss an jedem neuen Tag\u00bb<\/p><cite>Dietrich Boenhoeffer<\/cite><\/blockquote>\n\n\n\n<figure class=\"wp-block-image size-large is-resized is-style-default\"><img fetchpriority=\"high\" decoding=\"async\" src=\"https:\/\/tikowi.ch\/wp-content\/uploads\/2022\/12\/DD60FBDA-0AD1-431C-A931-0BA793424B80-1024x576.jpg\" alt=\"\" class=\"wp-image-7472\" width=\"840\" height=\"472\" srcset=\"https:\/\/tikowi.ch\/wp-content\/uploads\/2022\/12\/DD60FBDA-0AD1-431C-A931-0BA793424B80-1024x576.jpg 1024w, https:\/\/tikowi.ch\/wp-content\/uploads\/2022\/12\/DD60FBDA-0AD1-431C-A931-0BA793424B80-300x169.jpg 300w, https:\/\/tikowi.ch\/wp-content\/uploads\/2022\/12\/DD60FBDA-0AD1-431C-A931-0BA793424B80-768x432.jpg 768w, https:\/\/tikowi.ch\/wp-content\/uploads\/2022\/12\/DD60FBDA-0AD1-431C-A931-0BA793424B80-1536x864.jpg 1536w, https:\/\/tikowi.ch\/wp-content\/uploads\/2022\/12\/DD60FBDA-0AD1-431C-A931-0BA793424B80-2048x1152.jpg 2048w\" sizes=\"(max-width: 840px) 100vw, 840px\" \/><\/figure>\n\n\n\n<p class=\"wp-block-paragraph\">Das Gedicht von Dietrich Boenhoffer, im Jahr 2022 bereits einmal an einer eindr\u00fccklichen Abdankung vernommen, hat mich in den letzten Tagen des 2022 getr\u00f6stet. Eigentlich bin ich ja ein unersch\u00fctterlicher Optimist, sehe das Glas fast immer halb voll und kann auch dem dritten Regentag und entsprechend muffig-schlammigen Hunden viel Gutes abgewinnen, aber im letzten Jahr, da wurde auch mein Rucksack manchmal etwas schwer und ich habe damit gehadert, Kinder in diese Welt gesetzt zu haben die jetzt dieses Schlamassel aufr\u00e4umen m\u00fcssen, d\u00fcrfen, sollen. <\/p>\n\n\n\n<p class=\"wp-block-paragraph\">Das ver\u00e4nderte Klima, die politische Grosswetterlage mit zahlreichen menschenverachtenden Despoten an den Schaltkn\u00fcppeln der Politik, braunes Gedankengut, das pl\u00f6tzlich salonf\u00e4hig zu werden scheint&#8230; ein bildungspolitische Misere, Energie- und Wasserknappheit, die Erderw\u00e4rmung mit dem jetzt fehlenden Schnee und Temperaturen statt im zweistelligen Minus- im ebensolchen Plusbereich&#8230; fast mit schlechtem Gewissen geht es mir, uns gut. Wir d\u00fcrfen hier in Frieden leben, haben alles, was n\u00f6tig und noch viel mehr und haben einander. Wir w\u00fcnschen allen nah und fern, alles erdenklich Gute und Erfreuliche f\u00fcr das 2023! bleibt gesund, munter, aktiv und die Zukunft gestaltend! <\/p>\n\n\n\n<blockquote class=\"wp-block-quote is-style-plain is-layout-flow wp-block-quote-is-layout-flow\" style=\"font-style:normal;font-weight:600\"><p>&#171;Von guten M\u00e4chten treu und still umgeben&#8230;&#187; <\/p><cite>Dietrich Boenhoeffer, * 04.02.1906 Breslau, Deutscher Theologe<\/cite><\/blockquote>\n","protected":false},"excerpt":{"rendered":"<p>\u00abVon guten M\u00e4chten treu und still umgeben, beh\u00fctet und getr\u00f6stet wunderbar, so will ich diese Tage mit euch leben und mit euch gehen in ein neues Jahr. Von guten M\u00e4chten wunderbar geborgen, erwarten wir getrost, was kommen mag. Gott ist bei uns am Abend und am Morgen und ganz gewiss&hellip; <\/p>\n","protected":false},"author":1,"featured_media":7462,"comment_status":"closed","ping_status":"closed","sticky":false,"template":"","format":"standard","meta":{"_angie_page":false,"ngg_post_thumbnail":0,"page_builder":"","footnotes":""},"categories":[18],"tags":[],"class_list":["post-7459","post","type-post","status-publish","format-standard","has-post-thumbnail","hentry","category-tikowi"],"_links":{"self":[{"href":"https:\/\/tikowi.ch\/index.php\/wp-json\/wp\/v2\/posts\/7459","targetHints":{"allow":["GET"]}}],"collection":[{"href":"https:\/\/tikowi.ch\/index.php\/wp-json\/wp\/v2\/posts"}],"about":[{"href":"https:\/\/tikowi.ch\/index.php\/wp-json\/wp\/v2\/types\/post"}],"author":[{"embeddable":true,"href":"https:\/\/tikowi.ch\/index.php\/wp-json\/wp\/v2\/users\/1"}],"replies":[{"embeddable":true,"href":"https:\/\/tikowi.ch\/index.php\/wp-json\/wp\/v2\/comments?post=7459"}],"version-history":[{"count":7,"href":"https:\/\/tikowi.ch\/index.php\/wp-json\/wp\/v2\/posts\/7459\/revisions"}],"predecessor-version":[{"id":7476,"href":"https:\/\/tikowi.ch\/index.php\/wp-json\/wp\/v2\/posts\/7459\/revisions\/7476"}],"wp:featuredmedia":[{"embeddable":true,"href":"https:\/\/tikowi.ch\/index.php\/wp-json\/wp\/v2\/media\/7462"}],"wp:attachment":[{"href":"https:\/\/tikowi.ch\/index.php\/wp-json\/wp\/v2\/media?parent=7459"}],"wp:term":[{"taxonomy":"category","embeddable":true,"href":"https:\/\/tikowi.ch\/index.php\/wp-json\/wp\/v2\/categories?post=7459"},{"taxonomy":"post_tag","embeddable":true,"href":"https:\/\/tikowi.ch\/index.php\/wp-json\/wp\/v2\/tags?post=7459"}],"curies":[{"name":"wp","href":"https:\/\/api.w.org\/{rel}","templated":true}]}}