{"id":6266,"date":"2021-12-12T11:21:54","date_gmt":"2021-12-12T11:21:54","guid":{"rendered":"https:\/\/tikowi.ch\/?p=6266"},"modified":"2021-12-12T11:24:31","modified_gmt":"2021-12-12T11:24:31","slug":"kw-49-das-jahr-ist-bald-fertig","status":"publish","type":"post","link":"https:\/\/tikowi.ch\/index.php\/2021\/12\/12\/kw-49-das-jahr-ist-bald-fertig\/","title":{"rendered":"KW 49 &#8211; das Jahr ist bald fertig"},"content":{"rendered":"\n<p class=\"wp-block-paragraph\">&#8230;und ich bin es auch. Meine G\u00fcte ist das anstrengend! Die Woche beginnt ganz gem\u00fctlich mit dem Samichlaus, mit Grittib\u00e4nz, K\u00e4seplatte, der passenden (sch\u00f6nen, aber untauglichen) Serviette und Besuch. Sch\u00f6n war&#8217;s!<\/p>\n\n\n\n<figure class=\"wp-block-gallery columns-2 is-cropped wp-block-gallery-1 is-layout-flex wp-block-gallery-is-layout-flex\"><ul class=\"blocks-gallery-grid\"><li class=\"blocks-gallery-item\"><figure><img fetchpriority=\"high\" decoding=\"async\" width=\"768\" height=\"1024\" src=\"https:\/\/tikowi.ch\/wp-content\/uploads\/2021\/12\/IMG_5184-768x1024.jpeg\" alt=\"\" data-id=\"6255\" data-full-url=\"https:\/\/tikowi.ch\/wp-content\/uploads\/2021\/12\/IMG_5184-scaled.jpeg\" data-link=\"https:\/\/tikowi.ch\/index.php\/the-tikowis\/woody-woodpecker\/kw-49-05-12-21\/img_5184\/\" class=\"wp-image-6255\" srcset=\"https:\/\/tikowi.ch\/wp-content\/uploads\/2021\/12\/IMG_5184-768x1024.jpeg 768w, https:\/\/tikowi.ch\/wp-content\/uploads\/2021\/12\/IMG_5184-225x300.jpeg 225w, https:\/\/tikowi.ch\/wp-content\/uploads\/2021\/12\/IMG_5184-1152x1536.jpeg 1152w, https:\/\/tikowi.ch\/wp-content\/uploads\/2021\/12\/IMG_5184-1536x2048.jpeg 1536w, https:\/\/tikowi.ch\/wp-content\/uploads\/2021\/12\/IMG_5184-scaled.jpeg 1920w\" sizes=\"(max-width: 768px) 100vw, 768px\" \/><\/figure><\/li><li class=\"blocks-gallery-item\"><figure><img decoding=\"async\" width=\"1024\" height=\"768\" src=\"https:\/\/tikowi.ch\/wp-content\/uploads\/2021\/12\/IMG_5183-1024x768.jpeg\" alt=\"\" data-id=\"6256\" data-full-url=\"https:\/\/tikowi.ch\/wp-content\/uploads\/2021\/12\/IMG_5183-scaled.jpeg\" data-link=\"https:\/\/tikowi.ch\/index.php\/the-tikowis\/woody-woodpecker\/kw-49-05-12-21\/img_5183\/\" class=\"wp-image-6256\" srcset=\"https:\/\/tikowi.ch\/wp-content\/uploads\/2021\/12\/IMG_5183-1024x768.jpeg 1024w, https:\/\/tikowi.ch\/wp-content\/uploads\/2021\/12\/IMG_5183-300x225.jpeg 300w, https:\/\/tikowi.ch\/wp-content\/uploads\/2021\/12\/IMG_5183-768x576.jpeg 768w, https:\/\/tikowi.ch\/wp-content\/uploads\/2021\/12\/IMG_5183-1536x1152.jpeg 1536w, https:\/\/tikowi.ch\/wp-content\/uploads\/2021\/12\/IMG_5183-2048x1536.jpeg 2048w\" sizes=\"(max-width: 1024px) 100vw, 1024px\" \/><\/figure><\/li><li class=\"blocks-gallery-item\"><figure><img decoding=\"async\" width=\"768\" height=\"1024\" src=\"https:\/\/tikowi.ch\/wp-content\/uploads\/2021\/12\/IMG_5187-768x1024.jpeg\" alt=\"\" data-id=\"6257\" data-full-url=\"https:\/\/tikowi.ch\/wp-content\/uploads\/2021\/12\/IMG_5187-scaled.jpeg\" data-link=\"https:\/\/tikowi.ch\/index.php\/the-tikowis\/woody-woodpecker\/kw-49-05-12-21\/img_5187\/\" class=\"wp-image-6257\" srcset=\"https:\/\/tikowi.ch\/wp-content\/uploads\/2021\/12\/IMG_5187-768x1024.jpeg 768w, https:\/\/tikowi.ch\/wp-content\/uploads\/2021\/12\/IMG_5187-225x300.jpeg 225w, https:\/\/tikowi.ch\/wp-content\/uploads\/2021\/12\/IMG_5187-1152x1536.jpeg 1152w, https:\/\/tikowi.ch\/wp-content\/uploads\/2021\/12\/IMG_5187-1536x2048.jpeg 1536w, https:\/\/tikowi.ch\/wp-content\/uploads\/2021\/12\/IMG_5187-scaled.jpeg 1920w\" sizes=\"(max-width: 768px) 100vw, 768px\" \/><\/figure><\/li><\/ul><\/figure>\n\n\n\n<p class=\"wp-block-paragraph\">Ich darf mich \u00fcber ein tolles Mitbringsel freuen &#8211; <a href=\"https:\/\/movagraffiti.com\" target=\"_blank\" rel=\"noreferrer noopener\">Valentino<\/a> hat f\u00fcr mich eine Jacke gesprayt. Ich bin grad 20 Jahre j\u00fcnger! der Engadin Lover tr\u00e4gt eine moderne Interpretation des \u00e4ltesten Engadin Kreuzstichmotivs auf der R\u00fcckseite. <\/p>\n\n\n\n<p class=\"wp-block-paragraph\">Soviel Kreativit\u00e4t muss ausgef\u00fchrt werden &#8211; bei str\u00f6mendem Regen und grauseligere Knochenkriechk\u00e4lte nach Z\u00fcrich. Bahnhofstrasse hoch, Rennweg rauf&#8230; wenig Leute, die Weihnachtsbeleuchtung sehr sch\u00f6n und im Anschluss daran ein feines Nachtessen in einem stimmigen Lokal. Ich glaube fast, aufs Alter entdecke ich noch Z\u00fcrichs Sch\u00f6nheiten \ud83d\ude42<\/p>\n\n\n\n<figure class=\"wp-block-image size-full\"><img loading=\"lazy\" decoding=\"async\" width=\"768\" height=\"1024\" src=\"https:\/\/tikowi.ch\/wp-content\/uploads\/2021\/12\/Unknown.jpeg\" alt=\"\" class=\"wp-image-6261\" srcset=\"https:\/\/tikowi.ch\/wp-content\/uploads\/2021\/12\/Unknown.jpeg 768w, https:\/\/tikowi.ch\/wp-content\/uploads\/2021\/12\/Unknown-225x300.jpeg 225w\" sizes=\"(max-width: 768px) 100vw, 768px\" \/><\/figure>\n\n\n\n<p class=\"wp-block-paragraph\">Die Frisur vom Regen gepl\u00e4ttet, die Sch\u00f6nheit dem Alter geschuldet, aber he, Jasmins Geburtstag geb\u00fchrend gefeiert und viel Spass gehabt. <\/p>\n\n\n\n<p class=\"wp-block-paragraph\">Der Rest der Woche in Arbeit und weiteren vorweihnachtlichen H\u00e4pplipl\u00e4ttlianl\u00e4ssen untergegangen, mich mit Omikron und wenig erfreulichen Corona-News besch\u00e4ftigt und am Samstag einen sehr lustigen, g\u00e4nzlich spontanen Abend auf dem Pfannenstiel verbracht. Und ja, es war lustig und am\u00fcsant, kynologisch, oldtimerm\u00e4ssig und ginfreudig, wir haben uns pr\u00e4chtig am\u00fcsiert aber in einer Sache waren wir uns in aller Verschiedenartigkeit \u00fcber alle Altersstufen (zwischen 16 und 80) hinweg einig: kein Verst\u00e4ndnis f\u00fcr Impfverweigerer. Null. <\/p>\n\n\n\n<p class=\"wp-block-paragraph\">Wir w\u00fcnschen rundum einen sch\u00f6nen, dritten Advent. <\/p>\n","protected":false},"excerpt":{"rendered":"<p>&#8230;und ich bin es auch. Meine G\u00fcte ist das anstrengend! Die Woche beginnt ganz gem\u00fctlich mit dem Samichlaus, mit Grittib\u00e4nz, K\u00e4seplatte, der passenden (sch\u00f6nen, aber untauglichen) Serviette und Besuch. Sch\u00f6n war&#8217;s! Ich darf mich \u00fcber ein tolles Mitbringsel freuen &#8211; Valentino hat f\u00fcr mich eine Jacke gesprayt. Ich bin grad&hellip; <\/p>\n","protected":false},"author":1,"featured_media":6268,"comment_status":"closed","ping_status":"closed","sticky":false,"template":"","format":"standard","meta":{"_angie_page":false,"ngg_post_thumbnail":0,"page_builder":"","footnotes":""},"categories":[4,27,18,6],"tags":[],"class_list":["post-6266","post","type-post","status-publish","format-standard","has-post-thumbnail","hentry","category-ferien-freizeit","category-kunst","category-tikowi","category-winterthur"],"_links":{"self":[{"href":"https:\/\/tikowi.ch\/index.php\/wp-json\/wp\/v2\/posts\/6266","targetHints":{"allow":["GET"]}}],"collection":[{"href":"https:\/\/tikowi.ch\/index.php\/wp-json\/wp\/v2\/posts"}],"about":[{"href":"https:\/\/tikowi.ch\/index.php\/wp-json\/wp\/v2\/types\/post"}],"author":[{"embeddable":true,"href":"https:\/\/tikowi.ch\/index.php\/wp-json\/wp\/v2\/users\/1"}],"replies":[{"embeddable":true,"href":"https:\/\/tikowi.ch\/index.php\/wp-json\/wp\/v2\/comments?post=6266"}],"version-history":[{"count":5,"href":"https:\/\/tikowi.ch\/index.php\/wp-json\/wp\/v2\/posts\/6266\/revisions"}],"predecessor-version":[{"id":6273,"href":"https:\/\/tikowi.ch\/index.php\/wp-json\/wp\/v2\/posts\/6266\/revisions\/6273"}],"wp:featuredmedia":[{"embeddable":true,"href":"https:\/\/tikowi.ch\/index.php\/wp-json\/wp\/v2\/media\/6268"}],"wp:attachment":[{"href":"https:\/\/tikowi.ch\/index.php\/wp-json\/wp\/v2\/media?parent=6266"}],"wp:term":[{"taxonomy":"category","embeddable":true,"href":"https:\/\/tikowi.ch\/index.php\/wp-json\/wp\/v2\/categories?post=6266"},{"taxonomy":"post_tag","embeddable":true,"href":"https:\/\/tikowi.ch\/index.php\/wp-json\/wp\/v2\/tags?post=6266"}],"curies":[{"name":"wp","href":"https:\/\/api.w.org\/{rel}","templated":true}]}}