{"id":236,"date":"2018-09-09T13:46:28","date_gmt":"2018-09-09T13:46:28","guid":{"rendered":"https:\/\/tikowi.ch\/?p=236"},"modified":"2018-09-09T13:48:22","modified_gmt":"2018-09-09T13:48:22","slug":"wichtiges-haus","status":"publish","type":"post","link":"https:\/\/tikowi.ch\/index.php\/2018\/09\/09\/wichtiges-haus\/","title":{"rendered":"Wichtiges Haus"},"content":{"rendered":"<p>Wundersch\u00f6nes Haus an toller Lage. Sehr repr\u00e4sentativ, notabene. Noch dazu ein roter Teppich. Was sich wohl darin befindet?<\/p>\n<p><img fetchpriority=\"high\" decoding=\"async\" class=\"size-large wp-image-224 aligncenter\" src=\"https:\/\/tikowi.ch\/wp-content\/uploads\/2018\/09\/QMET8WvgStantnuYDaJNnw-1-e1536499526592-768x1024.jpg\" alt=\"\" width=\"768\" height=\"1024\" srcset=\"https:\/\/tikowi.ch\/wp-content\/uploads\/2018\/09\/QMET8WvgStantnuYDaJNnw-1-e1536499526592-768x1024.jpg 768w, https:\/\/tikowi.ch\/wp-content\/uploads\/2018\/09\/QMET8WvgStantnuYDaJNnw-1-e1536499526592-225x300.jpg 225w, https:\/\/tikowi.ch\/wp-content\/uploads\/2018\/09\/QMET8WvgStantnuYDaJNnw-1-e1536499526592.jpg 1500w\" sizes=\"(max-width: 768px) 100vw, 768px\" \/><\/p>\n<p>\u00c4tsch, falsch geraten! auch wenn das von <a href=\"https:\/\/de.wikipedia.org\/wiki\/Gottfried_Semper\" target=\"_blank\" rel=\"noopener\">Semper<\/a> erbaute Haus nach wie vor &#171;Stadthaus&#187; heisst, so hat die Stadt doch herzlich wenig darin verloren. Seit dem Umzug der Stadtregierung in den Superblock (!) sind neue Nutzer eingezogen: die Pensionskasse, die Finanzkontrolle und das Friedensrichteramt. Ob das ein Zeichen f\u00fcr andere Priorit\u00e4ten in der Stadt ist? sein soll? Immerhin entnehme ich einer <a href=\"https:\/\/stadt.winterthur.ch\/gemeinde\/verwaltung\/stadtkanzlei\/kommunikation-stadt-winterthur\/medienmitteilungen-stadt-winterthur\/stadthaus-neues-nutzungs-und-belegungskonzept\" target=\"_blank\" rel=\"noopener\">Pressemitteilung<\/a> der Stadt von Februar 20189, dass f\u00fcr das Stadthaus ein neues Nutzungs- und Belegungskonzept in Angriff genommen wurde. F\u00fcr dessen Umsetzung man mit rund 9 Jahren rechnen m\u00fcsse. Na dann&#8230;<\/p>\n","protected":false},"excerpt":{"rendered":"<p>Wundersch\u00f6nes Haus an toller Lage. Sehr repr\u00e4sentativ, notabene. Noch dazu ein roter Teppich. Was sich wohl darin befindet? \u00c4tsch, falsch geraten! auch wenn das von Semper erbaute Haus nach wie vor &#171;Stadthaus&#187; heisst, so hat die Stadt doch herzlich wenig darin verloren. Seit dem Umzug der Stadtregierung in den Superblock&hellip; <\/p>\n","protected":false},"author":1,"featured_media":224,"comment_status":"open","ping_status":"open","sticky":false,"template":"","format":"standard","meta":{"_angie_page":false,"ngg_post_thumbnail":0,"page_builder":"","footnotes":""},"categories":[6],"tags":[],"class_list":["post-236","post","type-post","status-publish","format-standard","has-post-thumbnail","hentry","category-winterthur"],"_links":{"self":[{"href":"https:\/\/tikowi.ch\/index.php\/wp-json\/wp\/v2\/posts\/236","targetHints":{"allow":["GET"]}}],"collection":[{"href":"https:\/\/tikowi.ch\/index.php\/wp-json\/wp\/v2\/posts"}],"about":[{"href":"https:\/\/tikowi.ch\/index.php\/wp-json\/wp\/v2\/types\/post"}],"author":[{"embeddable":true,"href":"https:\/\/tikowi.ch\/index.php\/wp-json\/wp\/v2\/users\/1"}],"replies":[{"embeddable":true,"href":"https:\/\/tikowi.ch\/index.php\/wp-json\/wp\/v2\/comments?post=236"}],"version-history":[{"count":2,"href":"https:\/\/tikowi.ch\/index.php\/wp-json\/wp\/v2\/posts\/236\/revisions"}],"predecessor-version":[{"id":238,"href":"https:\/\/tikowi.ch\/index.php\/wp-json\/wp\/v2\/posts\/236\/revisions\/238"}],"wp:featuredmedia":[{"embeddable":true,"href":"https:\/\/tikowi.ch\/index.php\/wp-json\/wp\/v2\/media\/224"}],"wp:attachment":[{"href":"https:\/\/tikowi.ch\/index.php\/wp-json\/wp\/v2\/media?parent=236"}],"wp:term":[{"taxonomy":"category","embeddable":true,"href":"https:\/\/tikowi.ch\/index.php\/wp-json\/wp\/v2\/categories?post=236"},{"taxonomy":"post_tag","embeddable":true,"href":"https:\/\/tikowi.ch\/index.php\/wp-json\/wp\/v2\/tags?post=236"}],"curies":[{"name":"wp","href":"https:\/\/api.w.org\/{rel}","templated":true}]}}