{"id":1238,"date":"2019-07-07T07:59:41","date_gmt":"2019-07-07T07:59:41","guid":{"rendered":"https:\/\/tikowi.ch\/?p=1238"},"modified":"2019-08-06T09:07:50","modified_gmt":"2019-08-06T09:07:50","slug":"bye-bye-2","status":"publish","type":"post","link":"https:\/\/tikowi.ch\/index.php\/2019\/07\/07\/bye-bye-2\/","title":{"rendered":"Bye-bye"},"content":{"rendered":"\n<p class=\"wp-block-paragraph\">Die Sommerferien r\u00fccken mit grossen Schritten n\u00e4her. AnnA&#8217;s KBW bezieht neue Schulr\u00e4umlichkeiten (will heissen, viele Stunden fallen aus, was es wiederum AnnA erm\u00f6glicht, die Weisheitsz\u00e4hne zu ziehen&#8230; Chipmunk l\u00e4sst gr\u00fcssen, sich aber nicht fotografieren) und in Erics Schule wird das traditionelle Sommerfest gefeiert.<\/p>\n\n\n\n<figure class=\"wp-block-embed-youtube wp-block-embed is-type-video is-provider-youtube wp-embed-aspect-16-9 wp-has-aspect-ratio\"><div class=\"wp-block-embed__wrapper\">\n<iframe width=\"770\" height=\"433\" src=\"https:\/\/www.youtube.com\/embed\/dLTVP6vJVBE?feature=oembed\" frameborder=\"0\" allow=\"accelerometer; autoplay; encrypted-media; gyroscope; picture-in-picture\" allowfullscreen><\/iframe>\n<\/div><\/figure>\n\n\n\n<p class=\"wp-block-paragraph\">Wir verabschieden uns als Familie von der SalZH nach zehn Jahren. Nach AnnA zieht nun auch Eric weiter, hat nun auch Eric seine Grundschule abgeschlossen. Gross ist er geworden, alt, grau und faltig sind wir geworden&#8230;<\/p>\n\n\n\n<figure class=\"wp-block-image\"><img decoding=\"async\" src=\"https:\/\/tikowi.ch\/wp-content\/uploads\/2019\/07\/fullsizeoutput_8b81-1024x672.jpeg\" alt=\"\" class=\"wp-image-1239\"\/><figcaption>1. Schultag<\/figcaption><\/figure>\n\n\n\n<p class=\"wp-block-paragraph\">Eric hat aber nicht nur an \u00e4usserer Gr\u00f6sse zugelegt &#8211; wenn er am Konzert in der SalZH und am &#171;Summer im Dorf&#187; in Br\u00fctten seine beiden ersten selbstgeschriebenen St\u00fccke vortr\u00e4gt, die qualitativ \u00fcbrigens absolut nicht abfallen, ja dann wissen wir, dass er nicht nur das kleine 1&#215;1 und etwas Orthographie gelernt hat, sondern auch der ganze Mensch samt Herz gebildet(er) wurde. <\/p>\n\n\n\n<figure class=\"wp-block-embed-youtube wp-block-embed is-type-video is-provider-youtube wp-embed-aspect-16-9 wp-has-aspect-ratio\"><div class=\"wp-block-embed__wrapper\">\n<iframe width=\"770\" height=\"433\" src=\"https:\/\/www.youtube.com\/embed\/ihndq1b1b0g?feature=oembed\" frameborder=\"0\" allow=\"accelerometer; autoplay; encrypted-media; gyroscope; picture-in-picture\" allowfullscreen><\/iframe>\n<\/div><\/figure>\n\n\n\n<p class=\"wp-block-paragraph\">Wir sagen der SalZH herzlich DANKE und freuen uns auf die Sommerferien. <\/p>\n\n\n\n<figure class=\"wp-block-image\"><img fetchpriority=\"high\" decoding=\"async\" width=\"1024\" height=\"768\" src=\"https:\/\/tikowi.ch\/wp-content\/uploads\/2019\/07\/F1DYHIdVQqmAwSyCe0krA-1024x768.jpg\" alt=\"\" class=\"wp-image-1242\" srcset=\"https:\/\/tikowi.ch\/wp-content\/uploads\/2019\/07\/F1DYHIdVQqmAwSyCe0krA-1024x768.jpg 1024w, https:\/\/tikowi.ch\/wp-content\/uploads\/2019\/07\/F1DYHIdVQqmAwSyCe0krA-300x225.jpg 300w, https:\/\/tikowi.ch\/wp-content\/uploads\/2019\/07\/F1DYHIdVQqmAwSyCe0krA-768x576.jpg 768w\" sizes=\"(max-width: 1024px) 100vw, 1024px\" \/><figcaption>Blick vom B\u00e4umli<\/figcaption><\/figure>\n\n\n\n<p class=\"wp-block-paragraph\">Wir haben uns auch mit Blitz und Donner von der ersten Hitzewelle verabschiedet &#8211; jetzt denken wir wieder und hecheln nicht nur durch die Gegend m\u00f6glichst schnell an den Schatten&#8230;  auch meine Schiene am Arm darf -mindestens teilweise- weg, der Arm halte jetzt wieder und sei perfekt verheilt, sagte der Onkel Doc beim Kontrolltermin. Die Beweglichkeit ist hm&#8230; etwas eingeschr\u00e4nkt, aber immerhin kann ich wieder mit 10 Fingern t\u00f6ggel\u00e4 und DAS ist doch schon das beste Training. <\/p>\n\n\n\n<p class=\"wp-block-paragraph\">Nach den Gewittern ist vor dem Gewitter&#8230;<\/p>\n\n\n\n<figure class=\"wp-block-image\"><img decoding=\"async\" width=\"1024\" height=\"768\" src=\"https:\/\/tikowi.ch\/wp-content\/uploads\/2019\/07\/zm3i2gIbSWjlb4F6uXgeA-e1562486705111-1024x768.jpg\" alt=\"\" class=\"wp-image-1243\" srcset=\"https:\/\/tikowi.ch\/wp-content\/uploads\/2019\/07\/zm3i2gIbSWjlb4F6uXgeA-e1562486705111-1024x768.jpg 1024w, https:\/\/tikowi.ch\/wp-content\/uploads\/2019\/07\/zm3i2gIbSWjlb4F6uXgeA-e1562486705111-300x225.jpg 300w, https:\/\/tikowi.ch\/wp-content\/uploads\/2019\/07\/zm3i2gIbSWjlb4F6uXgeA-e1562486705111-768x576.jpg 768w\" sizes=\"(max-width: 1024px) 100vw, 1024px\" \/><\/figure>\n\n\n\n<p class=\"wp-block-paragraph\">&#8230;hier am fr\u00fchen Samstagmorgen am Flughafen Z\u00fcrich. Tolles, sehr schwieriges Gel\u00e4nde und drei versenkte Dummies! am Nachmittag hat keiner mehr fotografiert, da st\u00fcrmte es dermassen, dass wir alle mit dem Stand k\u00e4mpften und die Hunde mit ihren Flatterohren aussahen, wie Flederm\u00e4use. Sch\u00f6n war es trotzdem und die ersten Tropfen prasselten erst kurz vor dem Auto auf uns. Alles wieder trocken mittlerweile. <\/p>\n\n\n\n<p class=\"wp-block-paragraph\">Wir verabschieden uns in die Sommerpause und kommen frisch erholt wieder. Bis dann oder mal von unterwegs!<\/p>\n","protected":false},"excerpt":{"rendered":"<p>Die Sommerferien r\u00fccken mit grossen Schritten n\u00e4her. AnnA&#8217;s KBW bezieht neue Schulr\u00e4umlichkeiten (will heissen, viele Stunden fallen aus, was es wiederum AnnA erm\u00f6glicht, die Weisheitsz\u00e4hne zu ziehen&#8230; Chipmunk l\u00e4sst gr\u00fcssen, sich aber nicht fotografieren) und in Erics Schule wird das traditionelle Sommerfest gefeiert. Wir verabschieden uns als Familie von der&hellip; <\/p>\n","protected":false},"author":1,"featured_media":1239,"comment_status":"closed","ping_status":"closed","sticky":false,"template":"","format":"standard","meta":{"_angie_page":false,"ngg_post_thumbnail":0,"page_builder":"","footnotes":""},"categories":[16,5,10,8],"tags":[],"class_list":["post-1238","post","type-post","status-publish","format-standard","has-post-thumbnail","hentry","category-blues","category-hunde","category-kids","category-natur"],"_links":{"self":[{"href":"https:\/\/tikowi.ch\/index.php\/wp-json\/wp\/v2\/posts\/1238","targetHints":{"allow":["GET"]}}],"collection":[{"href":"https:\/\/tikowi.ch\/index.php\/wp-json\/wp\/v2\/posts"}],"about":[{"href":"https:\/\/tikowi.ch\/index.php\/wp-json\/wp\/v2\/types\/post"}],"author":[{"embeddable":true,"href":"https:\/\/tikowi.ch\/index.php\/wp-json\/wp\/v2\/users\/1"}],"replies":[{"embeddable":true,"href":"https:\/\/tikowi.ch\/index.php\/wp-json\/wp\/v2\/comments?post=1238"}],"version-history":[{"count":6,"href":"https:\/\/tikowi.ch\/index.php\/wp-json\/wp\/v2\/posts\/1238\/revisions"}],"predecessor-version":[{"id":1427,"href":"https:\/\/tikowi.ch\/index.php\/wp-json\/wp\/v2\/posts\/1238\/revisions\/1427"}],"wp:featuredmedia":[{"embeddable":true,"href":"https:\/\/tikowi.ch\/index.php\/wp-json\/wp\/v2\/media\/1239"}],"wp:attachment":[{"href":"https:\/\/tikowi.ch\/index.php\/wp-json\/wp\/v2\/media?parent=1238"}],"wp:term":[{"taxonomy":"category","embeddable":true,"href":"https:\/\/tikowi.ch\/index.php\/wp-json\/wp\/v2\/categories?post=1238"},{"taxonomy":"post_tag","embeddable":true,"href":"https:\/\/tikowi.ch\/index.php\/wp-json\/wp\/v2\/tags?post=1238"}],"curies":[{"name":"wp","href":"https:\/\/api.w.org\/{rel}","templated":true}]}}